{"id":2374,"date":"2026-03-09T17:54:04","date_gmt":"2026-03-09T16:54:04","guid":{"rendered":"https:\/\/jumavis.com\/?p=2374"},"modified":"2026-04-14T19:25:32","modified_gmt":"2026-04-14T17:25:32","slug":"ein-bedeutender-schritt-in-die-zukunft","status":"publish","type":"post","link":"https:\/\/foto-repro-webdesign.de\/jumavis\/ein-bedeutender-schritt-in-die-zukunft\/","title":{"rendered":"Ein bedeutender Schritt in die Zukunft"},"content":{"rendered":"\n<section id=\"g-ysw0kym\" class=\"wp-block-gutentor-m3 section-g-ysw0kym gutentor-module gutentor-container-cover\"><div class=\"grid-container\">\n<div style=\"height:30px\" aria-hidden=\"true\" class=\"wp-block-spacer\"><\/div>\n\n\n<div class=\"wp-block-image\">\n<figure class=\"alignright size-large is-resized\"><img loading=\"lazy\" decoding=\"async\" width=\"624\" height=\"1024\" src=\"https:\/\/foto-repro-webdesign.de\/jumavis\/wp-content\/uploads\/2026\/03\/News-18-Unrath-Wegener-624x1024.jpg\" alt=\"\" class=\"wp-image-2377\" style=\"aspect-ratio:0.6093716361405613;width:455px;height:auto\" srcset=\"https:\/\/foto-repro-webdesign.de\/jumavis\/wp-content\/uploads\/2026\/03\/News-18-Unrath-Wegener-624x1024.jpg 624w, https:\/\/foto-repro-webdesign.de\/jumavis\/wp-content\/uploads\/2026\/03\/News-18-Unrath-Wegener-183x300.jpg 183w, https:\/\/foto-repro-webdesign.de\/jumavis\/wp-content\/uploads\/2026\/03\/News-18-Unrath-Wegener-768x1260.jpg 768w, https:\/\/foto-repro-webdesign.de\/jumavis\/wp-content\/uploads\/2026\/03\/News-18-Unrath-Wegener-800x1312.jpg 800w, https:\/\/foto-repro-webdesign.de\/jumavis\/wp-content\/uploads\/2026\/03\/News-18-Unrath-Wegener.jpg 850w\" sizes=\"auto, (max-width: 624px) 100vw, 624px\" \/><\/figure>\n<\/div>\n\n\n<h5 class=\"wp-block-heading\"><strong>Strategische Partnerschaft zwischen jumavis GmbH und Vision &amp; Control<\/strong><\/h5>\n\n\n\n<p>Vor kurzem hatte die Gesch\u00e4ftsf\u00fchrerin der jumavis GmbH, Johanna Unrath, die Gelegenheit, Vision &amp; Control in Suhl zu besuchen. Der informelle Austausch mit den Mitarbeitenden, dem Firmengr\u00fcnder Herrn Geffe sowie dem Gesch\u00e4ftsf\u00fchrer Herrn Wegner-Berndt, bot einen intensiven Einblick in die Entwicklung und Produktion der hochwertigen Objektive und Vision-Systeme des Unternehmens.<\/p>\n\n\n\n<p>Im Rahmen eines Firmenrundgangs wurde die beeindruckende Fertigungskompetenz von Vision &amp; Control gezeigt, die auf innovative Technologien und pr\u00e4zise L\u00f6sungen setzt. Dieser Austausch f\u00fchrte zu einer vielversprechenden strategischen Partnerschaft: jumavis \u00fcbernimmt die Produkte von Vision &amp; Control in sein Portfolio und wird Vertriebspartner.<\/p>\n\n\n\n<p>Diese Partnerschaft passt hervorragend zu der Expertise von jumavis, da das Unternehmen \u00fcber langj\u00e4hrige Erfahrung in der Beratung und im Vertrieb erkl\u00e4rungsbed\u00fcrftiger Produkte verf\u00fcgt. Damit wird es uns m\u00f6glich sein, die innovativen Vision-Systeme und Objektive von Vision &amp; Control kompetent und zielgerichtet unseren Kunden n\u00e4herzubringen.<\/p>\n\n\n\n<p>Der symbolische Handschlag zwischen Herrn Wegner-Berndt und Johanna Unrath markiert den Beginn einer langfristigen Zusammenarbeit, auf die wir mit gro\u00dfer Vorfreude blicken. Wir freuen uns darauf, die Produkte von Vision &amp; Control in unser Portfolio zu integrieren und unseren Kunden innovative L\u00f6sungen aus einer Hand anbieten zu k\u00f6nnen.<\/p>\n\n\n\n<p><\/p>\n\n\n\n<div style=\"height:100px\" aria-hidden=\"true\" class=\"wp-block-spacer\"><\/div>\n<\/div><\/section>\n","protected":false},"excerpt":{"rendered":"","protected":false},"author":1,"featured_media":2376,"comment_status":"closed","ping_status":"open","sticky":false,"template":"","format":"standard","meta":{"footnotes":""},"categories":[4],"tags":[],"class_list":["post-2374","post","type-post","status-publish","format-standard","has-post-thumbnail","hentry","category-blog"],"gutentor_comment":0,"_links":{"self":[{"href":"https:\/\/foto-repro-webdesign.de\/jumavis\/wp-json\/wp\/v2\/posts\/2374","targetHints":{"allow":["GET"]}}],"collection":[{"href":"https:\/\/foto-repro-webdesign.de\/jumavis\/wp-json\/wp\/v2\/posts"}],"about":[{"href":"https:\/\/foto-repro-webdesign.de\/jumavis\/wp-json\/wp\/v2\/types\/post"}],"author":[{"embeddable":true,"href":"https:\/\/foto-repro-webdesign.de\/jumavis\/wp-json\/wp\/v2\/users\/1"}],"replies":[{"embeddable":true,"href":"https:\/\/foto-repro-webdesign.de\/jumavis\/wp-json\/wp\/v2\/comments?post=2374"}],"version-history":[{"count":10,"href":"https:\/\/foto-repro-webdesign.de\/jumavis\/wp-json\/wp\/v2\/posts\/2374\/revisions"}],"predecessor-version":[{"id":2405,"href":"https:\/\/foto-repro-webdesign.de\/jumavis\/wp-json\/wp\/v2\/posts\/2374\/revisions\/2405"}],"wp:featuredmedia":[{"embeddable":true,"href":"https:\/\/foto-repro-webdesign.de\/jumavis\/wp-json\/wp\/v2\/media\/2376"}],"wp:attachment":[{"href":"https:\/\/foto-repro-webdesign.de\/jumavis\/wp-json\/wp\/v2\/media?parent=2374"}],"wp:term":[{"taxonomy":"category","embeddable":true,"href":"https:\/\/foto-repro-webdesign.de\/jumavis\/wp-json\/wp\/v2\/categories?post=2374"},{"taxonomy":"post_tag","embeddable":true,"href":"https:\/\/foto-repro-webdesign.de\/jumavis\/wp-json\/wp\/v2\/tags?post=2374"}],"curies":[{"name":"wp","href":"https:\/\/api.w.org\/{rel}","templated":true}]}}