{"id":2360,"date":"2026-03-02T18:28:07","date_gmt":"2026-03-02T17:28:07","guid":{"rendered":"https:\/\/jumavis.com\/?p=2360"},"modified":"2026-03-02T18:29:10","modified_gmt":"2026-03-02T17:29:10","slug":"waldbronns-buergermeister-besucht-jumavis","status":"publish","type":"post","link":"https:\/\/foto-repro-webdesign.de\/jumavis\/waldbronns-buergermeister-besucht-jumavis\/","title":{"rendered":"Waldbronns B\u00fcrgermeister besucht jumavis\u00ae"},"content":{"rendered":"\n<section id=\"g-ysw0kym\" class=\"wp-block-gutentor-m3 section-g-ysw0kym gutentor-module gutentor-container-cover\"><div class=\"grid-container\">\n<div style=\"height:30px\" aria-hidden=\"true\" class=\"wp-block-spacer\"><\/div>\n\n\n\n<p>Vor kurzem durften wir den B\u00fcrgermeister unserer Gemeinde, Christian Stalf, in unserem Unternehmen begr\u00fc\u00dfen. Der Besuch diente dem gegenseitigen Kennenlernen sowie dem Austausch \u00fcber aktuelle und zuk\u00fcnftige Entwicklungen in Wirtschaft und Technologie.<\/p>\n\n\n<div class=\"wp-block-image\">\n<figure class=\"alignleft size-large is-resized\"><img loading=\"lazy\" decoding=\"async\" width=\"1024\" height=\"742\" src=\"https:\/\/foto-repro-webdesign.de\/jumavis\/wp-content\/uploads\/2026\/03\/UnrathStalf-1024x742.jpg\" alt=\"\" class=\"wp-image-2362\" style=\"aspect-ratio:1.3800619887465622;width:487px;height:auto\" srcset=\"https:\/\/foto-repro-webdesign.de\/jumavis\/wp-content\/uploads\/2026\/03\/UnrathStalf-1024x742.jpg 1024w, https:\/\/foto-repro-webdesign.de\/jumavis\/wp-content\/uploads\/2026\/03\/UnrathStalf-300x217.jpg 300w, https:\/\/foto-repro-webdesign.de\/jumavis\/wp-content\/uploads\/2026\/03\/UnrathStalf-768x556.jpg 768w, https:\/\/foto-repro-webdesign.de\/jumavis\/wp-content\/uploads\/2026\/03\/UnrathStalf-800x580.jpg 800w, https:\/\/foto-repro-webdesign.de\/jumavis\/wp-content\/uploads\/2026\/03\/UnrathStalf.jpg 1379w\" sizes=\"auto, (max-width: 1024px) 100vw, 1024px\" \/><\/figure>\n<\/div>\n\n\n<p>Im Rahmen einer Unternehmenspr\u00e4sentation erhielt der B\u00fcrgermeister Einblicke in unsere Arbeitsweise und unsere technologischen Schwerpunkte. Dabei standen insbesondere Innovationskraft, Digitalisierung und nachhaltige Entwicklung im Fokus der Gespr\u00e4che.<\/p>\n\n\n\n<p>In dem anschlie\u00dfenden Austausch wurden generelle Zukunftsthemen der regionalen Wirtschaft er\u00f6rtert. Diskutiert wurden unter anderem die Bedeutung technologischer Unternehmen f\u00fcr die Standortentwicklung, Fachkr\u00e4ftesicherung, Vernetzung von Wirtschaft und Kommune sowie m\u00f6gliche Perspektiven f\u00fcr eine weiterhin positive Entwicklung unseres Wirtschaftsstandortes.<\/p>\n\n\n\n<p>Wir haben uns \u00fcber das offene und konstruktive Gespr\u00e4ch sehr gefreut. Der Dialog zwischen Wirtschaft und Kommune ist aus unserer Sicht ein wichtiger Baustein f\u00fcr nachhaltiges Wachstum und eine erfolgreiche Zukunft unserer Region.<\/p>\n\n\n\n<p>Wir bedanken uns f\u00fcr den Besuch und den wertvollen Austausch.<\/p>\n\n\n\n<p>Sehen Sie hierzu auch den Beitrag auf der <a href=\"https:\/\/www.waldbronn.de\/mitteilung-260126-1006\" target=\"_blank\" rel=\"noreferrer noopener\">Internetseite von Waldbronn<\/a>.<\/p>\n\n\n\n<p><\/p>\n\n\n\n<div style=\"height:100px\" aria-hidden=\"true\" class=\"wp-block-spacer\"><\/div>\n<\/div><\/section>\n\n\n\n<p><\/p>\n","protected":false},"excerpt":{"rendered":"","protected":false},"author":1,"featured_media":2361,"comment_status":"closed","ping_status":"open","sticky":false,"template":"","format":"standard","meta":{"footnotes":""},"categories":[4],"tags":[],"class_list":["post-2360","post","type-post","status-publish","format-standard","has-post-thumbnail","hentry","category-blog"],"gutentor_comment":0,"_links":{"self":[{"href":"https:\/\/foto-repro-webdesign.de\/jumavis\/wp-json\/wp\/v2\/posts\/2360","targetHints":{"allow":["GET"]}}],"collection":[{"href":"https:\/\/foto-repro-webdesign.de\/jumavis\/wp-json\/wp\/v2\/posts"}],"about":[{"href":"https:\/\/foto-repro-webdesign.de\/jumavis\/wp-json\/wp\/v2\/types\/post"}],"author":[{"embeddable":true,"href":"https:\/\/foto-repro-webdesign.de\/jumavis\/wp-json\/wp\/v2\/users\/1"}],"replies":[{"embeddable":true,"href":"https:\/\/foto-repro-webdesign.de\/jumavis\/wp-json\/wp\/v2\/comments?post=2360"}],"version-history":[{"count":3,"href":"https:\/\/foto-repro-webdesign.de\/jumavis\/wp-json\/wp\/v2\/posts\/2360\/revisions"}],"predecessor-version":[{"id":2366,"href":"https:\/\/foto-repro-webdesign.de\/jumavis\/wp-json\/wp\/v2\/posts\/2360\/revisions\/2366"}],"wp:featuredmedia":[{"embeddable":true,"href":"https:\/\/foto-repro-webdesign.de\/jumavis\/wp-json\/wp\/v2\/media\/2361"}],"wp:attachment":[{"href":"https:\/\/foto-repro-webdesign.de\/jumavis\/wp-json\/wp\/v2\/media?parent=2360"}],"wp:term":[{"taxonomy":"category","embeddable":true,"href":"https:\/\/foto-repro-webdesign.de\/jumavis\/wp-json\/wp\/v2\/categories?post=2360"},{"taxonomy":"post_tag","embeddable":true,"href":"https:\/\/foto-repro-webdesign.de\/jumavis\/wp-json\/wp\/v2\/tags?post=2360"}],"curies":[{"name":"wp","href":"https:\/\/api.w.org\/{rel}","templated":true}]}}