{"id":1,"date":"2022-06-27T19:16:49","date_gmt":"2022-06-27T17:16:49","guid":{"rendered":"https:\/\/jumavis.com\/?p=1"},"modified":"2024-03-15T16:09:55","modified_gmt":"2024-03-15T15:09:55","slug":"hallo-welt","status":"publish","type":"post","link":"https:\/\/foto-repro-webdesign.de\/jumavis\/hallo-welt\/","title":{"rendered":"Polytec \u00fcbergibt Vertrieb von Komponenten der industriellen Bildverarbeitung"},"content":{"rendered":"\n<section id=\"gm2ccf4de\" class=\"wp-block-gutentor-m3 section-gm2ccf4de gutentor-module gutentor-container-cover\"><div class=\"grid-container\">\n<div style=\"height:30px\" aria-hidden=\"true\" class=\"wp-block-spacer\"><\/div>\n\n\n\n<p>Nach mehr als 20 Jahren beendet die Polytec GmbH mit Sitz in Waldbronn den Vertrieb f\u00fcr Komponenten der industriellen Bildverarbeitung zum 31. Juli 2022. Die neu gegr\u00fcndete Firma jumavis GmbH \u00fcbernimmt das Portfolio und f\u00fchrt das Gesch\u00e4ft mit einem neuen Team fort.<\/p>\n\n\n<div class=\"wp-block-image\">\n<figure class=\"alignleft size-large is-resized\"><a href=\"https:\/\/foto-repro-webdesign.de\/jumavis\/wp-content\/uploads\/2022\/06\/316A0669-scaled.jpg\" rel=\"lightbox-0\"><img loading=\"lazy\" decoding=\"async\" width=\"1024\" height=\"576\" src=\"https:\/\/foto-repro-webdesign.de\/jumavis\/wp-content\/uploads\/2022\/06\/316A0669-1024x576.jpg\" alt=\"\" class=\"wp-image-579\" style=\"width:541px;height:303px\" srcset=\"https:\/\/foto-repro-webdesign.de\/jumavis\/wp-content\/uploads\/2022\/06\/316A0669-1024x576.jpg 1024w, https:\/\/foto-repro-webdesign.de\/jumavis\/wp-content\/uploads\/2022\/06\/316A0669-300x169.jpg 300w, https:\/\/foto-repro-webdesign.de\/jumavis\/wp-content\/uploads\/2022\/06\/316A0669-768x432.jpg 768w, https:\/\/foto-repro-webdesign.de\/jumavis\/wp-content\/uploads\/2022\/06\/316A0669-1536x864.jpg 1536w, https:\/\/foto-repro-webdesign.de\/jumavis\/wp-content\/uploads\/2022\/06\/316A0669-2048x1152.jpg 2048w, https:\/\/foto-repro-webdesign.de\/jumavis\/wp-content\/uploads\/2022\/06\/316A0669-800x450.jpg 800w\" sizes=\"auto, (max-width: 1024px) 100vw, 1024px\" \/><\/a><\/figure>\n<\/div>\n\n\n<p>\u201eWir haben uns dazu entschieden, uns von der bis zuletzt erfolgreichen Sparte der Komponenten zu trennen, da wir unser Kerngesch\u00e4ft im Bereich komplexer optischer Messtechnik, -systeme und -l\u00f6sungen noch weiter st\u00e4rken und ausbauen m\u00f6chten\u201c, erkl\u00e4rt Dr. Dirk Samiec, Gesch\u00e4ftsfeldleiter im Gesch\u00e4ftsbereich Photonik. Die komplette Produktpalette rund um die industrielle Bildverarbeitung \u00fcbernimmt die jumavis GmbH mit Gesch\u00e4ftsf\u00fchrerin Johanna Unrath. \u201eUnsere Mitarbeiterin Johanna Unrath hat 16 Jahre lang die Bildverarbeitung bei Polytec mitgepr\u00e4gt und sie war viele Jahre lang das Herz der Abteilung. Sie kennt alle Facetten des Gesch\u00e4fts und die meisten unserer Kunden und Partner pers\u00f6nlich. Wir freuen uns sehr, unseren gesch\u00e4tzten Kunden mit der jumavis GmbH einen kompetenten, zuverl\u00e4ssigen und vertrauensw\u00fcrdigen neuen Partner zur Seite stellen zu k\u00f6nnen.\u201c<\/p>\n\n\n\n<p>Das Team, das beim Waldbronner Messtechnik-Unternehmen bislang die industrielle Bildverarbeitung betreut hat, wird auch weiterhin bei Polytec mit neuen Aufgaben t\u00e4tig sein. Bestehende Kundenauftr\u00e4ge werden noch von Polytec abgewickelt oder auf Kundenwunsch an jumavis \u00fcbertragen. F\u00fcr bestehende Gew\u00e4hrleistungs- und Serviceanspr\u00fcche bleibt Polytec zust\u00e4ndig.<\/p>\n\n\n\n<p>Pressemeldung der Polytec GmbH &#8211; <a href=\"https:\/\/foto-repro-webdesign.de\/jumavis\/wp-content\/uploads\/2024\/03\/Pressemeldung_27_06_2022.pdf\" data-type=\"attachment\" data-id=\"1804\">27. J<\/a><a href=\"https:\/\/foto-repro-webdesign.de\/jumavis\/wp-content\/uploads\/2024\/03\/Pressemeldung_27_06_2022.pdf\" data-type=\"attachment\" data-id=\"1804\" target=\"_blank\" rel=\"noreferrer noopener\">uni 2022<\/a><\/p>\n\n\n\n<div style=\"height:100px\" aria-hidden=\"true\" class=\"wp-block-spacer\"><\/div>\n<\/div><\/section>\n\n\n\n<p><\/p>\n","protected":false},"excerpt":{"rendered":"","protected":false},"author":1,"featured_media":1049,"comment_status":"open","ping_status":"open","sticky":false,"template":"","format":"standard","meta":{"footnotes":""},"categories":[4],"tags":[],"class_list":["post-1","post","type-post","status-publish","format-standard","has-post-thumbnail","hentry","category-blog"],"gutentor_comment":0,"_links":{"self":[{"href":"https:\/\/foto-repro-webdesign.de\/jumavis\/wp-json\/wp\/v2\/posts\/1","targetHints":{"allow":["GET"]}}],"collection":[{"href":"https:\/\/foto-repro-webdesign.de\/jumavis\/wp-json\/wp\/v2\/posts"}],"about":[{"href":"https:\/\/foto-repro-webdesign.de\/jumavis\/wp-json\/wp\/v2\/types\/post"}],"author":[{"embeddable":true,"href":"https:\/\/foto-repro-webdesign.de\/jumavis\/wp-json\/wp\/v2\/users\/1"}],"replies":[{"embeddable":true,"href":"https:\/\/foto-repro-webdesign.de\/jumavis\/wp-json\/wp\/v2\/comments?post=1"}],"version-history":[{"count":17,"href":"https:\/\/foto-repro-webdesign.de\/jumavis\/wp-json\/wp\/v2\/posts\/1\/revisions"}],"predecessor-version":[{"id":1393,"href":"https:\/\/foto-repro-webdesign.de\/jumavis\/wp-json\/wp\/v2\/posts\/1\/revisions\/1393"}],"wp:featuredmedia":[{"embeddable":true,"href":"https:\/\/foto-repro-webdesign.de\/jumavis\/wp-json\/wp\/v2\/media\/1049"}],"wp:attachment":[{"href":"https:\/\/foto-repro-webdesign.de\/jumavis\/wp-json\/wp\/v2\/media?parent=1"}],"wp:term":[{"taxonomy":"category","embeddable":true,"href":"https:\/\/foto-repro-webdesign.de\/jumavis\/wp-json\/wp\/v2\/categories?post=1"},{"taxonomy":"post_tag","embeddable":true,"href":"https:\/\/foto-repro-webdesign.de\/jumavis\/wp-json\/wp\/v2\/tags?post=1"}],"curies":[{"name":"wp","href":"https:\/\/api.w.org\/{rel}","templated":true}]}}